{"id":71859,"date":"2024-05-08T10:26:44","date_gmt":"2024-05-08T08:26:44","guid":{"rendered":"https:\/\/www.fope.com\/2024\/05\/08\/conversation-with-vikyrader\/"},"modified":"2026-08-28T17:19:40","modified_gmt":"2026-08-28T15:19:40","slug":"conversation-with-vikyrader","status":"publish","type":"post","link":"https:\/\/www.fope.com\/fr\/2024\/05\/08\/conversation-with-vikyrader\/","title":{"rendered":"CONVERSATION AVEC VIKY RADER"},"content":{"rendered":"<div class=\"jd-block\" >\n    <div class=\"container-fluid\">\n                <div class=\"row \">\n            <div class=\"cols col-lg-16\">\n                                <div class=\"jd-block__text jd-block__text--big\">\n                    <p>Ancienne mannequin, directrice cr\u00e9ative, maman, consultante et cr\u00e9atrice de contenu num\u00e9rique : c&#8217;est ainsi que se d\u00e9crit Viky Rader, influenceuse infatigable avec laquelle nous parlons de mode, de bijoux, d&#8217;avenir et de maternit\u00e9.<span class=\"Apple-converted-space\">&nbsp;<\/span><\/p>\n                <\/div>\n            <\/div>\n        <\/div>\n    <\/div>\n<\/div>\n\n\n<div class=\"jd-block\">\n    <div class=\"container-fluid\">\n        <div class=\"row justify-content-center\">\n        \n                            <div class=\"col-lg-14\">\n                    <div class=\"jd-block__image\">\n                        <img decoding=\"async\" src=\"https:\/\/www.fope.com\/wp-content\/uploads\/2024\/05\/FOPE-Viky-Rader-1.jpg\" alt=\"https:\/\/www.fope.com\/wp-content\/uploads\/2024\/05\/FOPE-Viky-Rader-1.jpg\" class=\"img-fluid w-100\">\n                                            <\/div>\n                <\/div>\n            \n        \n\n\n\n\n\n        <\/div>\n    <\/div>\n<\/div>\n\n\n<div class=\"jd-block\" >\n    <div class=\"container-fluid\">\n                <div class=\"row justify-content-center\">\n            <div class=\"cols col-lg-14\">\n                                <div class=\"jd-block__text jd-block__text\">\n                    <p>Comment \u00eates-vous entr\u00e9e dans la mode et qu&#8217;est-ce qui a chang\u00e9 au fil des ans ?<span class=\"Apple-converted-space\">&nbsp;<\/span><\/p>\n<p>J&#8217;ai commenc\u00e9 \u00e0 travailler comme mannequin \u00e0 l&#8217;\u00e2ge de dix-sept ans, apr\u00e8s avoir remport\u00e9 un concours de beaut\u00e9 en Ukraine. Au fil des ans, j&#8217;ai vu tellement de changements dans le monde de la mode, tant en termes de style que d&#8217;humeur. Aujourd&#8217;hui, je pense que la tendance est de prendre moins de risques, de jouer la s\u00e9curit\u00e9. Et puis est arriv\u00e9 le streetwear, qui a eu une grande influence, avec la naissance de nombreuses petites marques int\u00e9ressantes.<\/p>\n<p>&nbsp;<\/p>\n<p>Quand avez-vous d\u00e9cid\u00e9 de cr\u00e9er votre propre marque, Viky Rader Studio ?<\/p>\n<p>Pendant la pand\u00e9mie, en 2020. C&#8217;\u00e9tait une p\u00e9riode o\u00f9 nous pouvions tous ralentir et repenser nos vies, en r\u00e9fl\u00e9chissant \u00e0 ce que nous voulions vraiment. Pendant cette p\u00e9riode, j&#8217;ai eu suffisamment de temps pour d\u00e9velopper des id\u00e9es pour ma marque.<\/p>\n<p>&nbsp;<\/p>\n<p>Que signifie \u00ab faire de la mode diff\u00e9remment \u00bb ?<\/p>\n<p>Cela signifie \u00eatre plus exclusif, ne pas avoir de limites et rester fid\u00e8le \u00e0 son histoire et \u00e0 ses convictions.<\/p>\n                <\/div>\n            <\/div>\n        <\/div>\n    <\/div>\n<\/div>\n\n\n<div class=\"jd-block\">\n    <div class=\"container-fluid\">\n        <div class=\"row justify-content-center\">\n        \n                    <div class=\"col-lg-24 p-0\">\n                        <div class=\"jd-block__carousel\">\n                            <div class=\"splide__track\">\n                                <div class=\"splide__list\">\n                                    <div class=\"splide__slide \">\n                                        <div class=\"jd-block__image\">\n                                            <img decoding=\"async\" src=\"https:\/\/www.fope.com\/wp-content\/uploads\/2024\/05\/FOPE-Viky-Rader-2.jpg\" alt=\"https:\/\/www.fope.com\/wp-content\/uploads\/2024\/05\/FOPE-Viky-Rader-2.jpg\" class=\"img-fluid w-100\">\n                                                                                    <\/div>\n                                    <\/div>\n                                    <div class=\"splide__slide \">\n                                        <div class=\"jd-block__image\">\n                                            <img decoding=\"async\" src=\"https:\/\/www.fope.com\/wp-content\/uploads\/2024\/05\/FOPE-Viky-Rader-3.jpg\" alt=\"https:\/\/www.fope.com\/wp-content\/uploads\/2024\/05\/FOPE-Viky-Rader-3.jpg\" class=\"img-fluid w-100\">\n                                                                                    <\/div>\n                                    <\/div>\n                                <\/div>\n                            <\/div>\n                        <\/div>\n                    <\/div>\n\n                \n            \n\n        \n\n\n\n\n\n        <\/div>\n    <\/div>\n<\/div>\n\n\n<div class=\"jd-block\" >\n    <div class=\"container-fluid\">\n                <div class=\"row justify-content-center\">\n            <div class=\"cols col-lg-14\">\n                                <div class=\"jd-block__text jd-block__text\">\n                    <p>Qu&#8217;est-ce que le luxe ?<\/p>\n<p>Pour moi, c&#8217;est une attitude. Cela ne signifie pas seulement acheter des v\u00eatements, des sacs ou des accessoires co\u00fbteux. Le luxe est une attitude qui se refl\u00e8te dans la fa\u00e7on dont on vit, dont on mange, dont on pense.<\/p>\n<p>&nbsp;<\/p>\n<p>Comment voyez-vous l&#8217;avenir de la mode ?<span class=\"Apple-converted-space\">&nbsp;<\/span><\/p>\n<p>Pour utiliser une expression bien connue, je dirais \u00ab Less is more \u00bb, ou du moins c&#8217;est ce \u00e0 quoi je m&#8217;attends. Les gens repensent ce qu&#8217;ils veulent, ce dont ils ont besoin ou ce qu&#8217;ils pensent \u00eatre n\u00e9cessaire. Je pense qu&#8217;il y aura beaucoup de changements et cela me r\u00e9jouit beaucoup. Viky Rader Studio fait partie de cet avenir.<span class=\"Apple-converted-space\">&nbsp;<\/span><\/p>\n                <\/div>\n            <\/div>\n        <\/div>\n    <\/div>\n<\/div>\n\n\n<div class=\"jd-block\">\n    <div class=\"container-fluid\">\n        <div class=\"row justify-content-center\">\n        \n                            <div class=\"col-lg-14 p-mobile-zero\">\n                    <div class=\"jd-block__carousel\">\n                        <div class=\"splide__track\">\n                            <div class=\"splide__list\">\n                                <div class=\"splide__slide \">\n                                    <div class=\"jd-block__image\">\n                                        <img decoding=\"async\" src=\"https:\/\/www.fope.com\/wp-content\/uploads\/2024\/05\/FOPE-Viky-Rader-4.jpg\" alt=\"https:\/\/www.fope.com\/wp-content\/uploads\/2024\/05\/FOPE-Viky-Rader-4.jpg\" class=\"img-fluid w-100\">\n                                                                            <\/div>\n                                <\/div>\n                                <div class=\"splide__slide \">\n                                    <div class=\"jd-block__image\">\n                                        <img decoding=\"async\" src=\"https:\/\/www.fope.com\/wp-content\/uploads\/2024\/05\/FOPE-Viky-Rader-5.jpg\" alt=\"https:\/\/www.fope.com\/wp-content\/uploads\/2024\/05\/FOPE-Viky-Rader-5.jpg\" class=\"img-fluid w-100\">\n                                                                            <\/div>\n                                <\/div>\n                            <\/div>\n                        <\/div>\n                    <\/div>\n                <\/div>\n            \n        \n\n\n\n\n\n        <\/div>\n    <\/div>\n<\/div>\n\n\n<div class=\"jd-block\" >\n    <div class=\"container-fluid\">\n                <div class=\"row justify-content-center\">\n            <div class=\"cols col-lg-14\">\n                                <div class=\"jd-block__text jd-block__text\">\n                    <p>Comment d\u00e9cririez-vous votre relation avec les bijoux ?<\/p>\n<p>Cela a commenc\u00e9 il y a longtemps. J&#8217;ai toujours \u00e9t\u00e9 fan de la superposition : j&#8217;aime porter beaucoup de bijoux, mais l\u00e9gers, comme des ornements sur le corps. Je les porte tous les jours, peut-\u00eatre de petites pi\u00e8ces comme des bagues, des bracelets, des montres et des boucles d&#8217;oreilles. Si je ne les porte pas, j&#8217;ai l&#8217;impression de ne pas \u00eatre assez habill\u00e9e. Les bijoux ont une fonction expressive, comme les v\u00eatements.<\/p>\n                <\/div>\n            <\/div>\n        <\/div>\n    <\/div>\n<\/div>\n\n\n<div class=\"jd-block\" >\n    <div class=\"container-fluid\">\n                <div class=\"row \">\n            <div class=\"cols col-lg-16\">\n                                <div class=\"jd-block__text jd-block__text--big\">\n                    <p><strong>D&#8217;habitude, je recherche des pi\u00e8ces plus discr\u00e8tes. Si je choisis quelque chose de voyant, c&#8217;est pour le soir, quand j&#8217;ose des pi\u00e8ces plus audacieuses et plus fortes comme un beau collier, de grandes boucles d&#8217;oreilles ou une bague qui se d\u00e9marque.<\/strong><\/p>\n                <\/div>\n            <\/div>\n        <\/div>\n    <\/div>\n<\/div>\n\n\n<div class=\"jd-block\" >\n    <div class=\"container-fluid\">\n                <div class=\"row justify-content-center\">\n            <div class=\"cols col-lg-14\">\n                                <div class=\"jd-block__text jd-block__text\">\n                    <p>Que recherchez-vous dans un bijou ?<\/p>\n<p>D&#8217;habitude, je recherche des pi\u00e8ces plus discr\u00e8tes. Si je choisis quelque chose de voyant, c&#8217;est pour le soir, quand j&#8217;ose des pi\u00e8ces plus audacieuses et plus fortes comme un beau collier, de grandes boucles d&#8217;oreilles ou une bague qui se d\u00e9marque. Il faut cependant faire attention, car comme les v\u00eatements, les bijoux peuvent ajouter une touche de classe ou devenir excessifs.<\/p>\n<p>&nbsp;<\/p>\n<p>Qu\u2019y a-t-il dans votre bo\u00eete \u00e0 bijoux ?<\/p>\n<p>Beaucoup de bagues de diff\u00e9rentes formes et de diff\u00e9rents styles. Une s\u00e9lection de boucles d&#8217;oreilles et mon collier pr\u00e9f\u00e9r\u00e9, une cha\u00eene que je porte \u00e0 la fois pendant la journ\u00e9e et le soir. Je porte aussi toujours un bracelet au bras droit.<\/p>\n                <\/div>\n            <\/div>\n        <\/div>\n    <\/div>\n<\/div>\n\n\n<div class=\"jd-block\">\n    <div class=\"container-fluid\">\n        <div class=\"row justify-content-center\">\n        \n                    <div class=\"col-lg-24 p-0\">\n                        <div class=\"jd-block__carousel\">\n                            <div class=\"splide__track\">\n                                <div class=\"splide__list\">\n                                    <div class=\"splide__slide \">\n                                        <div class=\"jd-block__image\">\n                                            <img decoding=\"async\" src=\"https:\/\/www.fope.com\/wp-content\/uploads\/2024\/05\/FOPE-Viky-Rader-6.jpg\" alt=\"https:\/\/www.fope.com\/wp-content\/uploads\/2024\/05\/FOPE-Viky-Rader-6.jpg\" class=\"img-fluid w-100\">\n                                                                                    <\/div>\n                                    <\/div>\n                                    <div class=\"splide__slide \">\n                                        <div class=\"jd-block__image\">\n                                            <img decoding=\"async\" src=\"https:\/\/www.fope.com\/wp-content\/uploads\/2024\/05\/FOPE-Viky-Rader-7.jpg\" alt=\"https:\/\/www.fope.com\/wp-content\/uploads\/2024\/05\/FOPE-Viky-Rader-7.jpg\" class=\"img-fluid w-100\">\n                                                                                    <\/div>\n                                    <\/div>\n                                <\/div>\n                            <\/div>\n                        <\/div>\n                    <\/div>\n\n                \n            \n\n        \n\n\n\n\n\n        <\/div>\n    <\/div>\n<\/div>\n\n\n<div class=\"jd-block\" >\n    <div class=\"container-fluid\">\n                <div class=\"row justify-content-center\">\n            <div class=\"cols col-lg-14\">\n                                <div class=\"jd-block__text jd-block__text\">\n                    <p>Comment parvenez-vous \u00e0 concilier votre travail de cr\u00e9atrice de mode et d&#8217;entrepreneuse avec votre vie priv\u00e9e ?<\/p>\n<p>C&#8217;est tr\u00e8s difficile. J&#8217;essaie toujours de trouver la bonne fa\u00e7on de les \u00e9quilibrer. Je pense qu&#8217;il est crucial d&#8217;avoir une bonne \u00e9quipe et une bonne structure : il est important que chacun connaisse ses r\u00f4les et ses responsabilit\u00e9s. Je suis tr\u00e8s active. J&#8217;essaie de suivre le rythme des appels t\u00e9l\u00e9phoniques et des e-mails, mais les gens qui m&#8217;entourent m&#8217;apportent un soutien \u00e9norme. Je crois vraiment qu&#8217;il est essentiel d&#8217;avoir la bonne \u00e9quipe, car une personne seule ne peut pas tout faire.<\/p>\n                <\/div>\n            <\/div>\n        <\/div>\n    <\/div>\n<\/div>\n\n\n<div class=\"jd-block\" >\n    <div class=\"container-fluid\">\n                <div class=\"row \">\n            <div class=\"cols col-lg-16\">\n                                <div class=\"jd-block__text jd-block__text--big\">\n                    <p><strong>Je voudrais apporter encore plus de valeur \u00e0 ma marque, continuer \u00e0 cr\u00e9er du bon contenu, explorer le monde. J&#8217;ai aussi une fondation, avec laquelle je voudrais porter mon message de bienveillance partout dans le monde.<\/strong><\/p>\n                <\/div>\n            <\/div>\n        <\/div>\n    <\/div>\n<\/div>\n\n\n<div class=\"jd-block\" >\n    <div class=\"container-fluid\">\n                <div class=\"row justify-content-center\">\n            <div class=\"cols col-lg-14\">\n                                <div class=\"jd-block__text jd-block__text\">\n                    <p>O\u00f9 en \u00eates-vous aujourd&#8217;hui, et qu&#8217;est-ce qui vous attend ?<\/p>\n<p>Je suis actuellement sur le point de terminer ma quatri\u00e8me grossesse, j&#8217;ai h\u00e2te de redevenir maman ! Beaucoup de choses m&#8217;attendent : Je voudrais apporter encore plus de valeur \u00e0 ma marque, continuer \u00e0 cr\u00e9er du bon contenu, explorer le monde. J&#8217;ai aussi une fondation, avec laquelle je voudrais porter mon message de bienveillance partout dans le monde.<\/p>\n<p>&nbsp;<\/p>\n<p>Quel est le meilleur conseil que vous ayez re\u00e7u au sujet de la maternit\u00e9 ?<span class=\"Apple-converted-space\">&nbsp;<\/span><\/p>\n<p>Il y a une dizaine d&#8217;ann\u00e9es, \u00e0 la naissance de mon premier enfant, j&#8217;ai re\u00e7u un tr\u00e8s bon conseil d&#8217;une autre maman, plus \u00e2g\u00e9e que moi et beaucoup plus sereine. Je traversais une p\u00e9riode difficile : mon fils dormait mal et j&#8217;\u00e9tais tr\u00e8s stress\u00e9e. Les nuits \u00e9taient courtes et les journ\u00e9es interminables. Je voulais tout faire parfaitement, mais je ne savais pas comment, et j&#8217;\u00e9tais tr\u00e8s inqui\u00e8te. Elle m&#8217;a dit de n&#8217;\u00e9couter personne, d&#8217;oublier les livres et d&#8217;\u00e9couter mon c\u0153ur : le plus important \u00e9tait que je sois heureuse, et alors le b\u00e9b\u00e9 le serait aussi. La m\u00e8re parfaite n&#8217;existe pas !<\/p>\n                <\/div>\n            <\/div>\n        <\/div>\n    <\/div>\n<\/div>\n\n\n<div class=\"jd-block\" >\n    <div class=\"container-fluid\">\n                <div class=\"row \">\n            <div class=\"cols col-lg-24\">\n                                <div class=\"jd-block__text jd-block__text--xs\">\n                    <p>Viky Rader est n\u00e9e en Ukraine et a travaill\u00e9 comme mannequin pour les plus grandes marques de mode. Aujourd&#8217;hui, elle vit avec sa grande famille \u00e0 Munich, o\u00f9 elle a fond\u00e9 la marque Viky Rader Studio avec pour mission de rendre le monde de la mode durable.<\/p>\n                <\/div>\n            <\/div>\n        <\/div>\n    <\/div>\n<\/div>\n\n\n<div class=\"jd-block\">\n    <div class=\"container-fluid\">\n        <div class=\"row\">\n            <div class=\"col-24\">\n                <h3 class=\"jd-block__related-title\">BIJOUX ASSOCI\u00c9S<\/h3>\n            <\/div>\n        <\/div>\n        <div class=\"row\">\n            <div class=\"col-24\">\n                <div class=\"pdetail__related active-slider\">\n                    <div class=\"pdetail__related-controls\">\n                        <a class=\"pdetail__related-controls--prev\" href=\"javascript:void(0);\" aria-label=\"prev product\"><svg xmlns=\"http:\/\/www.w3.org\/2000\/svg\" width=\"50.709\" height=\"36.911\" viewBox=\"0 0 50.709 36.911\">\n                                <path d=\"M18.455,0,0,18.455,18.455,36.911l.707-.708L1.914,18.955h48.8v-1H1.914L19.162.706Z\" transform=\"translate(0 0)\" \/>\n                            <\/svg><\/a>\n                        <a class=\"pdetail__related-controls--next\" href=\"javascript:void(0);\" aria-label=\"next product\"><svg xmlns=\"http:\/\/www.w3.org\/2000\/svg\" width=\"50.709\" height=\"36.911\" viewBox=\"0 0 50.709 36.911\">\n                                <path d=\"M123.232,0l-.707.706,17.248,17.249h-48.8v1h48.8L122.525,36.2l.707.708,18.455-18.456Z\" transform=\"translate(-90.979 0)\" \/>\n                            <\/svg><\/a>\n                    <\/div>\n                    <div class=\"splide__track\">\n                        <div class=\"splide__list\">\n                                                            <div class=\"splide__slide pdetail__related-slide\">\n                                    <div class=\"list-product-wrap\">\n                                                                                    <a class=\"list-product\" href=\"https:\/\/www.fope.com\/fr\/product\/01m04b2_bb__bracelet-flexit-avec-maille-bicolore\/\" aria-label=\"link to https:\/\/www.fope.com\/fr\/product\/01m04b2_bb__bracelet-flexit-avec-maille-bicolore\/\">\n                                                <img decoding=\"async\" class=\"img-fluid sizer\" src=\"https:\/\/www.fope.com\/wp-content\/themes\/fope\/assets\/images\/sizer.jpg\" alt=\"image products list\">\n                                                                                                <img decoding=\"async\" class=\"img-fluid\" src=\"https:\/\/www.fope.com\/wp-content\/uploads\/2024\/03\/01M04B2_BB_BR_XRX-717x900.png\" alt=\"https:\/\/www.fope.com\/wp-content\/uploads\/2024\/03\/01M04B2_BB_BR_XRX-717x900.png\" \/>\n                                            <\/a>\n                                            <div class=\"list-product__name\">\n                                                                                                <h4 class=\"text-uppercase\">Bracelet Flex\u2019it avec maille bicolore<\/h4>\n\n                                                                                                    <span>DE 8.770 \u20ac<\/span>\n                                                                                            <\/div>\n                                                                            <\/div>\n                                <\/div>\n                                                            <div class=\"splide__slide pdetail__related-slide\">\n                                    <div class=\"list-product-wrap\">\n                                                                                    <a class=\"list-product\" href=\"https:\/\/www.fope.com\/fr\/product\/01m08b2_bb__bracelet-flexit-avec-maille-bicolore\/\" aria-label=\"link to https:\/\/www.fope.com\/fr\/product\/01m08b2_bb__bracelet-flexit-avec-maille-bicolore\/\">\n                                                <img decoding=\"async\" class=\"img-fluid sizer\" src=\"https:\/\/www.fope.com\/wp-content\/themes\/fope\/assets\/images\/sizer.jpg\" alt=\"image products list\">\n                                                                                                <img decoding=\"async\" class=\"img-fluid\" src=\"https:\/\/www.fope.com\/wp-content\/uploads\/2024\/03\/01M08B2_BB_BR_XRX-717x900.png\" alt=\"https:\/\/www.fope.com\/wp-content\/uploads\/2024\/03\/01M08B2_BB_BR_XRX-717x900.png\" \/>\n                                            <\/a>\n                                            <div class=\"list-product__name\">\n                                                                                                <h4 class=\"text-uppercase\">Bracelet Flex\u2019it avec maille bicolore<\/h4>\n\n                                                                                                    <span>DE 3.530 \u20ac<\/span>\n                                                                                            <\/div>\n                                                                            <\/div>\n                                <\/div>\n                                                            <div class=\"splide__slide pdetail__related-slide\">\n                                    <div class=\"list-product-wrap\">\n                                                                                    <a class=\"list-product\" href=\"https:\/\/www.fope.com\/fr\/product\/05e04ax_xx-__-bague-flexit\/\" aria-label=\"link to https:\/\/www.fope.com\/fr\/product\/05e04ax_xx-__-bague-flexit\/\">\n                                                <img decoding=\"async\" class=\"img-fluid sizer\" src=\"https:\/\/www.fope.com\/wp-content\/themes\/fope\/assets\/images\/sizer.jpg\" alt=\"image products list\">\n                                                                                                <img decoding=\"async\" class=\"img-fluid\" src=\"https:\/\/www.fope.com\/wp-content\/uploads\/2023\/12\/05E04AX_XX_B_XBX-717x900.png\" alt=\"https:\/\/www.fope.com\/wp-content\/uploads\/2023\/12\/05E04AX_XX_B_XBX-717x900.png\" \/>\n                                            <\/a>\n                                            <div class=\"list-product__name\">\n                                                                                                <h4 class=\"text-uppercase\"> Bague Flex&#8217;it<\/h4>\n\n                                                                                                    <span>DE 3.530 \u20ac<\/span>\n                                                                                            <\/div>\n                                                                            <\/div>\n                                <\/div>\n                                                            <div class=\"splide__slide pdetail__related-slide\">\n                                    <div class=\"list-product-wrap\">\n                                                                                    <a class=\"list-product\" href=\"https:\/\/www.fope.com\/fr\/product\/07e08ox_bb-__-collier-flexit-avec-maille-bicolore-et-fermoir-decoratif\/\" aria-label=\"link to https:\/\/www.fope.com\/fr\/product\/07e08ox_bb-__-collier-flexit-avec-maille-bicolore-et-fermoir-decoratif\/\">\n                                                <img decoding=\"async\" class=\"img-fluid sizer\" src=\"https:\/\/www.fope.com\/wp-content\/themes\/fope\/assets\/images\/sizer.jpg\" alt=\"image products list\">\n                                                                                                <img decoding=\"async\" class=\"img-fluid\" src=\"https:\/\/www.fope.com\/wp-content\/uploads\/2023\/12\/07E08OX_BB_R_XXX-717x900.png\" alt=\"https:\/\/www.fope.com\/wp-content\/uploads\/2023\/12\/07E08OX_BB_R_XXX-717x900.png\" \/>\n                                            <\/a>\n                                            <div class=\"list-product__name\">\n                                                                                                <h4 class=\"text-uppercase\"> Collier Flex&#8217;it avec maille bicolore et fermoir d\u00e9coratif<\/h4>\n\n                                                                                                    <span>DE 2.830 \u20ac<\/span>\n                                                                                            <\/div>\n                                                                            <\/div>\n                                <\/div>\n                                                    <\/div>\n                    <\/div>\n                <\/div>\n            <\/div>\n        <\/div>\n    <\/div>\n<\/div>","protected":false},"excerpt":{"rendered":"","protected":false},"author":1,"featured_media":71861,"comment_status":"open","ping_status":"open","sticky":false,"template":"","format":"standard","meta":{"_acf_changed":false,"footnotes":""},"categories":[9554],"tags":[],"class_list":["post-71859","post","type-post","status-publish","format-standard","has-post-thumbnail","hentry","category-around-fope-fr"],"acf":[],"_links":{"self":[{"href":"https:\/\/www.fope.com\/fr\/wp-json\/wp\/v2\/posts\/71859","targetHints":{"allow":["GET"]}}],"collection":[{"href":"https:\/\/www.fope.com\/fr\/wp-json\/wp\/v2\/posts"}],"about":[{"href":"https:\/\/www.fope.com\/fr\/wp-json\/wp\/v2\/types\/post"}],"author":[{"embeddable":true,"href":"https:\/\/www.fope.com\/fr\/wp-json\/wp\/v2\/users\/1"}],"replies":[{"embeddable":true,"href":"https:\/\/www.fope.com\/fr\/wp-json\/wp\/v2\/comments?post=71859"}],"version-history":[{"count":4,"href":"https:\/\/www.fope.com\/fr\/wp-json\/wp\/v2\/posts\/71859\/revisions"}],"predecessor-version":[{"id":71894,"href":"https:\/\/www.fope.com\/fr\/wp-json\/wp\/v2\/posts\/71859\/revisions\/71894"}],"wp:featuredmedia":[{"embeddable":true,"href":"https:\/\/www.fope.com\/fr\/wp-json\/wp\/v2\/media\/71861"}],"wp:attachment":[{"href":"https:\/\/www.fope.com\/fr\/wp-json\/wp\/v2\/media?parent=71859"}],"wp:term":[{"taxonomy":"category","embeddable":true,"href":"https:\/\/www.fope.com\/fr\/wp-json\/wp\/v2\/categories?post=71859"},{"taxonomy":"post_tag","embeddable":true,"href":"https:\/\/www.fope.com\/fr\/wp-json\/wp\/v2\/tags?post=71859"}],"curies":[{"name":"wp","href":"https:\/\/api.w.org\/{rel}","templated":true}]}}